{"id":3053,"date":"2026-03-11T14:07:22","date_gmt":"2026-03-11T13:07:22","guid":{"rendered":"https:\/\/www.ferraz.de\/pueblos-mas-bonitos-de-la-palma\/"},"modified":"2026-03-11T14:25:05","modified_gmt":"2026-03-11T13:25:05","slug":"die-schonsten-dorfer-auf-la-palma","status":"publish","type":"post","link":"https:\/\/www.ferraz.de\/de\/die-schonsten-dorfer-auf-la-palma\/","title":{"rendered":"Die sch\u00f6nsten D\u00f6rfer auf La Palma, die man mit dem Auto besuchen kann"},"content":{"rendered":"\n<p>La Palma, conocida como <strong>la isla bonita<\/strong>, es famosa por sus paisajes volc\u00e1nicos, bosques de laurisilva y cieLa Palma, bekannt als <strong>\u201eLa Isla Bonita\u201c (die sch\u00f6ne Insel)<\/strong>, ist ber\u00fchmt f\u00fcr ihre vulkanischen Landschaften, Lorbeerw\u00e4lder und ihren spektakul\u00e4ren Sternenhimmel. Doch neben ihrer beeindruckenden Natur verbirgt die Insel auch kleine D\u00f6rfer voller Geschichte, Tradition und Charme, die es wert sind, in Ruhe entdeckt zu werden.<\/p>\n\n\n\n<p>Wenn du deine Reise planst, ist eine der besten M\u00f6glichkeiten, diese Orte kennenzulernen, ein <strong>Mietwagen auf La Palma<\/strong>, mit dem du dich frei zwischen D\u00f6rfern, Aussichtspunkten und Vulkanlandschaften bewegen kannst.<\/p>\n\n\n\n<p>Im Gegensatz zu anderen, st\u00e4rker besuchten Reisezielen liegen viele der sch\u00f6nsten D\u00f6rfer der Insel abseits der Hauptstra\u00dfen. Deshalb ist es am bequemsten, <strong>La Palma mit dem Auto zu erkunden<\/strong>, um ihren authentischen Charakter zu entdecken.<\/p>\n\n\n\n<h3 class=\"wp-block-heading\">Warum man die D\u00f6rfer von La Palma mit dem Auto erkunden sollte<\/h3>\n\n\n\n<p>La Palma ist zwar eine relativ kleine Insel, doch ihr bergiges Relief kann dazu f\u00fchren, dass Fahrten l\u00e4nger dauern als erwartet. Ein Auto erleichtert die Reise erheblich, weil du damit:<\/p>\n\n\n\n<ul class=\"wp-block-list\">\n<li>an panoramischen Aussichtspunkten anhalten kannst<\/li>\n\n\n\n<li>D\u00f6rfer abseits der touristischen Routen entdeckst<\/li>\n\n\n\n<li>verschiedene Teile der Insel an einem Tag erkunden kannst<\/li>\n\n\n\n<li>deine Route je nach Wetter oder Tagesplan flexibel anpassen kannst<\/li>\n<\/ul>\n\n\n\n<p>Au\u00dferdem sind viele Orte durch landschaftlich reizvolle Stra\u00dfen verbunden, die selbst schon Teil des Reiseerlebnisses sind. Deshalb entscheiden sich viele Reisende direkt nach ihrer Ankunft am Flughafen f\u00fcr einen <strong>Mietwagen auf La Palma<\/strong>.<\/p>\n\n\n\n<h2 class=\"wp-block-heading\">5 besonders charmante D\u00f6rfer auf La Palma<\/h2>\n\n\n\n<h3 class=\"wp-block-heading\">1. San Andr\u00e9s<\/h3>\n\n\n\n<p>Dieses kleine K\u00fcstendorf im Gemeindegebiet von <strong>San Andr\u00e9s y Sauces<\/strong> geh\u00f6rt zu den malerischsten Orten der Insel. Ruhige Stra\u00dfen, bunte H\u00e4user und eine authentische Atmosph\u00e4re machen es zu einem besonderen Zwischenstopp.<\/p>\n\n\n\n<p><strong>Sehenswert:<\/strong><\/p>\n\n\n\n<ul class=\"wp-block-list\">\n<li>Kirche San Andr\u00e9s<\/li>\n\n\n\n<li>Traditionelle kanarische Gassen<\/li>\n\n\n\n<li>Naturschwimmbecken von Charco Azul<\/li>\n<\/ul>\n\n\n\n<p>Au\u00dferdem liegt es ganz in der N\u00e4he des <strong>Lorbeerwaldes Los Tilos<\/strong>, einem der beeindruckendsten Naturgebiete der Insel.<\/p>\n\n\n\n<figure class=\"wp-block-image size-full\"><img fetchpriority=\"high\" decoding=\"async\" width=\"1000\" height=\"667\" src=\"https:\/\/www.ferraz.de\/wp-content\/uploads\/2025\/12\/Ruta-en-coche-por-La-Palma-en-3-dias-charcoazul.jpg\" alt=\"Ruta en coche por La Palma en 3 d\u00edas\" class=\"wp-image-2807\" title=\"\" srcset=\"https:\/\/www.ferraz.de\/wp-content\/uploads\/2025\/12\/Ruta-en-coche-por-La-Palma-en-3-dias-charcoazul.jpg 1000w, https:\/\/www.ferraz.de\/wp-content\/uploads\/2025\/12\/Ruta-en-coche-por-La-Palma-en-3-dias-charcoazul-300x200.jpg 300w, https:\/\/www.ferraz.de\/wp-content\/uploads\/2025\/12\/Ruta-en-coche-por-La-Palma-en-3-dias-charcoazul-768x512.jpg 768w, https:\/\/www.ferraz.de\/wp-content\/uploads\/2025\/12\/Ruta-en-coche-por-La-Palma-en-3-dias-charcoazul-600x400.jpg 600w\" sizes=\"(max-width: 1000px) 100vw, 1000px\" \/><\/figure>\n\n\n\n<p><\/p>\n\n\n\n<h3 class=\"wp-block-heading\">2. Santa Cruz de La Palma<\/h3>\n\n\n\n<p>La capital de la isla es uno de los <strong>centros hist\u00f3ricos mejor conservados de Canarias<\/strong>. Sus balcones de Die Hauptstadt der Insel besitzt eines der am besten erhaltenen historischen Zentren der Kanaren. Ihre Holzbalkone, historischen Pl\u00e4tze und gepflasterten Stra\u00dfen erinnern an die koloniale Vergangenheit der Insel.<\/p>\n\n\n\n<p><strong>Highlights:<\/strong><\/p>\n\n\n\n<ul class=\"wp-block-list\">\n<li>Calle O\u2019Daly (Calle Real)<\/li>\n\n\n\n<li>Plaza de Espa\u00f1a<\/li>\n\n\n\n<li>Balkone der Avenida Mar\u00edtima<\/li>\n\n\n\n<li>Schifffahrtsmuseum<\/li>\n<\/ul>\n\n\n\n<p>Ein idealer Ort, um deine Inselrundfahrt zu beginnen, nachdem du deinen <strong>Mietwagen am Flughafen La Palma<\/strong> abgeholt hast.<\/p>\n\n\n\n<figure class=\"wp-block-image size-large\"><img decoding=\"async\" width=\"1024\" height=\"768\" src=\"https:\/\/www.ferraz.de\/wp-content\/uploads\/2025\/05\/santacruzdelapalma-autosferraz-1024x768.jpg\" alt=\"Santa Cruz de La palma autos ferraz\" class=\"wp-image-2133\" title=\"\" srcset=\"https:\/\/www.ferraz.de\/wp-content\/uploads\/2025\/05\/santacruzdelapalma-autosferraz-1024x768.jpg 1024w, https:\/\/www.ferraz.de\/wp-content\/uploads\/2025\/05\/santacruzdelapalma-autosferraz-300x225.jpg 300w, https:\/\/www.ferraz.de\/wp-content\/uploads\/2025\/05\/santacruzdelapalma-autosferraz-400x300.jpg 400w, https:\/\/www.ferraz.de\/wp-content\/uploads\/2025\/05\/santacruzdelapalma-autosferraz-768x576.jpg 768w, https:\/\/www.ferraz.de\/wp-content\/uploads\/2025\/05\/santacruzdelapalma-autosferraz-600x450.jpg 600w, https:\/\/www.ferraz.de\/wp-content\/uploads\/2025\/05\/santacruzdelapalma-autosferraz.jpg 1500w\" sizes=\"(max-width: 1024px) 100vw, 1024px\" \/><\/figure>\n\n\n\n<p><\/p>\n\n\n\n<h3 class=\"wp-block-heading\">3. Tazacorte<\/h3>\n\n\n\n<p>An der Westk\u00fcste gelegen, ist Tazacorte bekannt f\u00fcr eines der sonnigsten Klimas der Insel. Das Dorf verbindet landwirtschaftliche Tradition mit maritimem Flair.<\/p>\n\n\n\n<p><strong>Was man in Tazacorte tun kann:<\/strong><\/p>\n\n\n\n<ul class=\"wp-block-list\">\n<li>durch die Altstadt spazieren<\/li>\n\n\n\n<li>den Strand von Tazacorte genie\u00dfen<\/li>\n\n\n\n<li>frischen Fisch im Hafen essen<\/li>\n<\/ul>\n\n\n\n<p>Ein perfekter Zwischenstopp, wenn du das <strong>Aridane-Tal<\/strong> erkundest.<\/p>\n\n\n\n<figure class=\"wp-block-image size-full\"><img decoding=\"async\" width=\"1000\" height=\"667\" src=\"https:\/\/www.ferraz.de\/wp-content\/uploads\/2025\/12\/autosferraz-alquilerdecoches-en-la-palma.jpg\" alt=\"Qu\u00e9 ver en La Palma en 7 d\u00edas con coche de alquiler\" class=\"wp-image-2851\" title=\"\" srcset=\"https:\/\/www.ferraz.de\/wp-content\/uploads\/2025\/12\/autosferraz-alquilerdecoches-en-la-palma.jpg 1000w, https:\/\/www.ferraz.de\/wp-content\/uploads\/2025\/12\/autosferraz-alquilerdecoches-en-la-palma-300x200.jpg 300w, https:\/\/www.ferraz.de\/wp-content\/uploads\/2025\/12\/autosferraz-alquilerdecoches-en-la-palma-768x512.jpg 768w, https:\/\/www.ferraz.de\/wp-content\/uploads\/2025\/12\/autosferraz-alquilerdecoches-en-la-palma-600x400.jpg 600w\" sizes=\"(max-width: 1000px) 100vw, 1000px\" \/><\/figure>\n\n\n\n<p><\/p>\n\n\n\n<h3 class=\"wp-block-heading\">4. Garaf\u00eda und Santo Domingo<\/h3>\n\n\n\n<p>Im Norden der Insel liegt <strong>Garaf\u00eda<\/strong>, eine der authentischsten und am wenigsten \u00fcberlaufenen Regionen. Die Hauptstadt <strong>Santo Domingo de Garaf\u00eda<\/strong> bewahrt traditionelle l\u00e4ndliche Architektur und bietet spektakul\u00e4re Ausblicke auf den Atlantik.<\/p>\n\n\n\n<p><strong>Nicht verpassen:<\/strong><\/p>\n\n\n\n<ul class=\"wp-block-list\">\n<li>Mirador del Time<\/li>\n\n\n\n<li>L\u00e4ndliche Wanderwege<\/li>\n\n\n\n<li>Vulkanlandschaften und Steilk\u00fcsten<\/li>\n<\/ul>\n\n\n\n<p>Eine Fahrt durch diese Gegend ist ein unvergessliches Erlebnis f\u00fcr alle, die wilde Landschaften lieben.<\/p>\n\n\n\n<h3 class=\"wp-block-heading\">5. Los Llanos de Aridane<\/h3>\n\n\n\n<p>Dies ist eines der wichtigsten st\u00e4dtischen Zentren der Insel und ein idealer Ausgangspunkt, um den Westen von La Palma zu erkunden. Das historische Zentrum bietet eine lebendige Atmosph\u00e4re mit Pl\u00e4tzen, Caf\u00e9s und urbaner Kunst.<\/p>\n\n\n\n<p><strong>Sehenswert:<\/strong><\/p>\n\n\n\n<ul class=\"wp-block-list\">\n<li>Plaza de Espa\u00f1a<\/li>\n\n\n\n<li><a href=\"http:\/\/cemfac.com\" target=\"_blank\" rel=\"noreferrer noopener\">Urban Art Murals (CEMFAC)<\/a><\/li>\n<\/ul>\n\n\n\n<p>Von hier aus kannst du weiter zum <strong>Nationalpark Caldera de Taburiente<\/strong> oder zu den Vulkanlandschaften im S\u00fcden fahren.<strong>ue Nacional de la Caldera de Taburiente<\/strong> o las zonas volc\u00e1nicas del sur.<\/p>\n\n\n\n<figure class=\"wp-block-image size-large\"><img loading=\"lazy\" decoding=\"async\" width=\"1024\" height=\"684\" src=\"https:\/\/www.ferraz.de\/wp-content\/uploads\/2026\/03\/Los-pueblos-mas-bonitos-de-La-Palma-para-visitar-en-coche-1-1024x684.jpg\" alt=\"Los pueblos m\u00e1s bonitos de La Palma para visitar en coche\" class=\"wp-image-3047\" title=\"\" srcset=\"https:\/\/www.ferraz.de\/wp-content\/uploads\/2026\/03\/Los-pueblos-mas-bonitos-de-La-Palma-para-visitar-en-coche-1-1024x684.jpg 1024w, https:\/\/www.ferraz.de\/wp-content\/uploads\/2026\/03\/Los-pueblos-mas-bonitos-de-La-Palma-para-visitar-en-coche-1-300x200.jpg 300w, https:\/\/www.ferraz.de\/wp-content\/uploads\/2026\/03\/Los-pueblos-mas-bonitos-de-La-Palma-para-visitar-en-coche-1-768x513.jpg 768w, https:\/\/www.ferraz.de\/wp-content\/uploads\/2026\/03\/Los-pueblos-mas-bonitos-de-La-Palma-para-visitar-en-coche-1-1536x1026.jpg 1536w, https:\/\/www.ferraz.de\/wp-content\/uploads\/2026\/03\/Los-pueblos-mas-bonitos-de-La-Palma-para-visitar-en-coche-1-600x401.jpg 600w, https:\/\/www.ferraz.de\/wp-content\/uploads\/2026\/03\/Los-pueblos-mas-bonitos-de-La-Palma-para-visitar-en-coche-1.jpg 2000w\" sizes=\"(max-width: 1024px) 100vw, 1024px\" \/><figcaption class=\"wp-element-caption\"><br>Die sch\u00f6nsten D\u00f6rfer auf La Palma, die man mit dem Auto besuchen kann<\/figcaption><\/figure>\n\n\n\n<p><\/p>\n\n\n\n<h2 class=\"wp-block-heading\">Tipps f\u00fcr den Besuch der D\u00f6rfer auf La Palma<\/h2>\n\n\n\n<p><strong>Kurze Routen planen<\/strong><br>Obwohl die Entfernungen klein sind, k\u00f6nnen Bergstra\u00dfen die Fahrzeiten verl\u00e4ngern.<\/p>\n\n\n\n<p><strong>Aussichtspunkte nutzen<\/strong><br>Viele der sch\u00f6nsten Landschaften La Palmas liegen direkt an der Stra\u00dfe.<\/p>\n\n\n\n<p><strong>Ohne Eile erkunden<\/strong><br>Die D\u00f6rfer der Insel genie\u00dft man am besten bei einem Spaziergang, bei einem Getr\u00e4nk auf einem Platz oder im Gespr\u00e4ch mit Einheimischen.<\/p>\n\n\n\n<p><strong>Flexibel reisen<\/strong><br>Mit einem Auto kannst du deine Tagesplanung an das Wetter anpassen, das sich zwischen Norden und S\u00fcden der Insel unterscheiden kann.<\/p>\n\n\n\n<h2 class=\"wp-block-heading\">Fortbewegung auf La Palma<\/h2>\n\n\n\n<p>Es gibt zwar \u00f6ffentliche Verkehrsmittel, doch die praktischste Art, mehrere D\u00f6rfer w\u00e4hrend einer Reise zu besuchen, ist <strong>La Palma mit dem Auto zu erkunden<\/strong>.<\/p>\n\n\n\n<p>Viele Reisende reservieren ihr Fahrzeug direkt nach der Ankunft auf der Insel, um ihre Route ohne Zeitverlust zu beginnen.<\/p>\n\n\n\n<p>Eine besonders bequeme Option ist ein <strong>Mietwagen direkt am Flughafen La Palma<\/strong>, sodass die Reise unmittelbar nach der Landung beginnen kann.<\/p>\n\n\n\n<p>Lokale Unternehmen wie <strong>Autos Ferraz<\/strong>, mit mehr als 50 Jahren Erfahrung im Mietwagengesch\u00e4ft auf La Palma, bieten Fahrzeugabholung am Flughafen, im Hafen und in Los Cancajos an und erleichtern so die Mobilit\u00e4t w\u00e4hrend deines Aufenthalts.<\/p>\n\n\n\n<p>Wenn du deine Reise planst, kannst du deinen <strong>Mietwagen auf La Palma bei Autos Ferraz reservieren<\/strong> und die Insel vom ersten Tag an in deinem eigenen Tempo entdecken.<\/p>\n\n\n\n<p>Mit Abholung am Flughafen, im Hafen oder in Los Cancajos und mehr als 50 Jahren Erfahrung genie\u00dft du maximale Freiheit, um die Insel bequem zu erkunden.<\/p>\n\n\n\n<p><\/p>\n","protected":false},"excerpt":{"rendered":"<p>La Palma, conocida como la isla bonita, es famosa por sus paisajes volc\u00e1nicos, bosques de laurisilva y cieLa Palma, bekannt als \u201eLa Isla Bonita\u201c (die sch\u00f6ne Insel), ist ber\u00fchmt f\u00fcr ihre vulkanischen Landschaften, Lorbeerw\u00e4lder und ihren spektakul\u00e4ren Sternenhimmel. Doch neben ihrer beeindruckenden Natur verbirgt die Insel auch kleine D\u00f6rfer voller Geschichte, Tradition und Charme, die [&hellip;]<\/p>\n","protected":false},"author":1,"featured_media":3046,"comment_status":"closed","ping_status":"closed","sticky":false,"template":"","format":"standard","meta":{"footnotes":""},"categories":[51],"tags":[86,102,93],"class_list":["post-3053","post","type-post","status-publish","format-standard","has-post-thumbnail","hentry","category-autos-ferraz","tag-alquiler-de","tag-la-palma","tag-ruta-en-coche-de"],"_links":{"self":[{"href":"https:\/\/www.ferraz.de\/de\/wp-json\/wp\/v2\/posts\/3053","targetHints":{"allow":["GET"]}}],"collection":[{"href":"https:\/\/www.ferraz.de\/de\/wp-json\/wp\/v2\/posts"}],"about":[{"href":"https:\/\/www.ferraz.de\/de\/wp-json\/wp\/v2\/types\/post"}],"author":[{"embeddable":true,"href":"https:\/\/www.ferraz.de\/de\/wp-json\/wp\/v2\/users\/1"}],"replies":[{"embeddable":true,"href":"https:\/\/www.ferraz.de\/de\/wp-json\/wp\/v2\/comments?post=3053"}],"version-history":[{"count":2,"href":"https:\/\/www.ferraz.de\/de\/wp-json\/wp\/v2\/posts\/3053\/revisions"}],"predecessor-version":[{"id":3059,"href":"https:\/\/www.ferraz.de\/de\/wp-json\/wp\/v2\/posts\/3053\/revisions\/3059"}],"wp:featuredmedia":[{"embeddable":true,"href":"https:\/\/www.ferraz.de\/de\/wp-json\/wp\/v2\/media\/3046"}],"wp:attachment":[{"href":"https:\/\/www.ferraz.de\/de\/wp-json\/wp\/v2\/media?parent=3053"}],"wp:term":[{"taxonomy":"category","embeddable":true,"href":"https:\/\/www.ferraz.de\/de\/wp-json\/wp\/v2\/categories?post=3053"},{"taxonomy":"post_tag","embeddable":true,"href":"https:\/\/www.ferraz.de\/de\/wp-json\/wp\/v2\/tags?post=3053"}],"curies":[{"name":"wp","href":"https:\/\/api.w.org\/{rel}","templated":true}]}}