{"id":2527,"date":"2025-06-26T12:46:41","date_gmt":"2025-06-26T10:46:41","guid":{"rendered":"https:\/\/www.ferraz.de\/?p=2527"},"modified":"2025-07-30T12:08:04","modified_gmt":"2025-07-30T10:08:04","slug":"all-inclusive-mietwagen-auf-la-palma","status":"publish","type":"post","link":"https:\/\/www.ferraz.de\/de\/all-inclusive-mietwagen-auf-la-palma\/","title":{"rendered":"All-Inclusive-Mietwagen auf La Palma"},"content":{"rendered":"\t\t<div data-elementor-type=\"wp-post\" data-elementor-id=\"2527\" class=\"elementor elementor-2527 elementor-2521\" data-elementor-post-type=\"post\">\n\t\t\t\t<div class=\"elementor-element elementor-element-57be48e6 e-flex e-con-boxed e-con e-parent\" data-id=\"57be48e6\" data-element_type=\"container\" data-e-type=\"container\">\n\t\t\t\t\t<div class=\"e-con-inner\">\n\t\t\t\t<div class=\"elementor-element elementor-element-7d464487 elementor-widget elementor-widget-text-editor\" data-id=\"7d464487\" data-element_type=\"widget\" data-e-type=\"widget\" data-widget_type=\"text-editor.default\">\n\t\t\t\t<div class=\"elementor-widget-container\">\n\t\t\t\t\t\t\t\t\t\n<p>Wenn Sie Ihre Reise zur &#8222;Isla Bonita&#8220; planen, ist eine der besten Entscheidungen, die Sie treffen k\u00f6nnen, einen <strong>Mietwagen auf La Palma mit allem inklusive<\/strong> zu buchen. Bei <strong>Autos Ferraz<\/strong> bieten wir Ihnen ein unkompliziertes Erlebnis \u2013 ohne versteckte Kosten und mit voller Transparenz, damit Sie sich ganz auf das Entdecken dieser kontrastreichen Vulkaninsel konzentrieren k\u00f6nnen.<\/p>\n\n\n\n<h2 class=\"wp-block-heading\">Warum einen Mietwagen auf La Palma w\u00e4hlen?<\/h2>\n\n\n\n<p>La Palma ist eine Insel voller spektakul\u00e4rer Landschaften, kurvenreicher Panoramastra\u00dfen und versteckter D\u00f6rfer in den Bergen und Schluchten. Um ihre wahren Sch\u00e4tze zu entdecken \u2013 vom Roque de los Muchachos \u00fcber die Naturpools von Charco Azul bis zum Lorbeerwald von Los Tilos \u2013 ist die <strong>Freiheit eines Mietwagens<\/strong> unerl\u00e4sslich.<\/p>\n\n\n\n<p>Bei Autos Ferraz wissen wir, was Reisende wirklich suchen: Komfort, Klarheit und Vertrauen. Deshalb erhalten Sie bei uns jedes Fahrzeug im <strong>All-Inclusive-Paket<\/strong> \u2013 ganz ohne Kleingedrucktes.<\/p>\n\n\n\n<h3 class=\"wp-block-heading\">Was ist im All-Inclusive-Mietwagen auf La Palma enthalten?<\/h3>\n\n\n\n<p>Wenn wir sagen \u201ealles inklusive\u201c, meinen wir:<\/p>\n\n\n\n<ul class=\"wp-block-list\">\n<li>Vollkaskoversicherung mit 150\u20ac Selbstbeteiligung<\/li>\n\n\n\n<li>Unbegrenzte Kilometer<\/li>\n\n\n\n<li>Zweiter Fahrer kostenlos<\/li>\n\n\n\n<li>\u00dcbergabe und R\u00fcckgabe am Flughafen oder Ihrer Unterkunft<\/li>\n\n\n\n<li>24\/7-Pannenhilfe<\/li>\n\n\n\n<li>Keine versteckten Geb\u00fchren oder Kautionen<\/li>\n<\/ul>\n\n\n\n<p>So fahren Sie entspannt \u00fcber die Insel, mit dem guten Gef\u00fchl, dass alles vom ersten Kilometer an abgesichert ist.<\/p>\n\n\n\n<h3 class=\"wp-block-heading\">Moderne Fahrzeugflotte \u2013 perfekt f\u00fcr La Palma<\/h3>\n\n\n\n<p>Unsere Flotte ist auf alle Bed\u00fcrfnisse zugeschnitten \u2013 ob f\u00fcr Paare, Familien oder Gruppen. Von kompakten Stadtautos, ideal f\u00fcr Santa Cruz, bis hin zu SUVs f\u00fcr Bergtouren: Bei <strong>Autos Ferraz<\/strong> finden Sie eine gro\u00dfe Auswahl an <strong>Mietwagen auf La Palma<\/strong>, stets in bestem Zustand und bereit f\u00fcr Ihr Abenteuer.<\/p>\n\n\n\n<h3 class=\"wp-block-heading\">Einfache Buchung und pers\u00f6nlicher Service<\/h3>\n\n\n\n<p>Die Buchung Ihres <strong>Mietwagens auf La Palma<\/strong> bei Autos Ferraz ist schnell, einfach und transparent. Unsere Webseite zeigt Ihnen echte Verf\u00fcgbarkeiten, Festpreise und bietet direkten Kundenservice f\u00fcr alle Fragen vor oder w\u00e4hrend Ihrer Reise.<\/p>\n\n\n\n<p>Und da wir ein lokales Unternehmen sind, kennen wir die Insel wie kein anderer \u2013 und geben Ihnen gerne Tipps zu den sch\u00f6nsten Routen, versteckten Orten und sicherem Fahren auf La Palma.<\/p>\n\t\t\t\t\t\t\t\t<\/div>\n\t\t\t\t<\/div>\n\t\t\t\t\t<\/div>\n\t\t\t\t<\/div>\n\t\t\t\t<\/div>\n\t\t","protected":false},"excerpt":{"rendered":"<p>Wenn Sie Ihre Reise zur &#8222;Isla Bonita&#8220; planen, ist eine der besten Entscheidungen, die Sie treffen k\u00f6nnen, einen Mietwagen auf La Palma mit allem inklusive zu buchen. Bei Autos Ferraz bieten wir Ihnen ein unkompliziertes Erlebnis \u2013 ohne versteckte Kosten und mit voller Transparenz, damit Sie sich ganz auf das Entdecken dieser kontrastreichen Vulkaninsel konzentrieren [&hellip;]<\/p>\n","protected":false},"author":1,"featured_media":2223,"comment_status":"closed","ping_status":"closed","sticky":false,"template":"","format":"standard","meta":{"footnotes":""},"categories":[],"tags":[86,91],"class_list":["post-2527","post","type-post","status-publish","format-standard","has-post-thumbnail","hentry","tag-alquiler-de","tag-todo-incluido-de"],"_links":{"self":[{"href":"https:\/\/www.ferraz.de\/de\/wp-json\/wp\/v2\/posts\/2527","targetHints":{"allow":["GET"]}}],"collection":[{"href":"https:\/\/www.ferraz.de\/de\/wp-json\/wp\/v2\/posts"}],"about":[{"href":"https:\/\/www.ferraz.de\/de\/wp-json\/wp\/v2\/types\/post"}],"author":[{"embeddable":true,"href":"https:\/\/www.ferraz.de\/de\/wp-json\/wp\/v2\/users\/1"}],"replies":[{"embeddable":true,"href":"https:\/\/www.ferraz.de\/de\/wp-json\/wp\/v2\/comments?post=2527"}],"version-history":[{"count":5,"href":"https:\/\/www.ferraz.de\/de\/wp-json\/wp\/v2\/posts\/2527\/revisions"}],"predecessor-version":[{"id":2749,"href":"https:\/\/www.ferraz.de\/de\/wp-json\/wp\/v2\/posts\/2527\/revisions\/2749"}],"wp:featuredmedia":[{"embeddable":true,"href":"https:\/\/www.ferraz.de\/de\/wp-json\/wp\/v2\/media\/2223"}],"wp:attachment":[{"href":"https:\/\/www.ferraz.de\/de\/wp-json\/wp\/v2\/media?parent=2527"}],"wp:term":[{"taxonomy":"category","embeddable":true,"href":"https:\/\/www.ferraz.de\/de\/wp-json\/wp\/v2\/categories?post=2527"},{"taxonomy":"post_tag","embeddable":true,"href":"https:\/\/www.ferraz.de\/de\/wp-json\/wp\/v2\/tags?post=2527"}],"curies":[{"name":"wp","href":"https:\/\/api.w.org\/{rel}","templated":true}]}}