{"id":2309,"date":"2025-05-06T11:30:08","date_gmt":"2025-05-06T09:30:08","guid":{"rendered":"https:\/\/www.ferraz.de\/?p=2309"},"modified":"2025-06-09T10:08:31","modified_gmt":"2025-06-09T08:08:31","slug":"vorteile-der-anmietung-eines-autos-bei-autos-ferraz-rent-a-car","status":"publish","type":"post","link":"https:\/\/www.ferraz.de\/de\/vorteile-der-anmietung-eines-autos-bei-autos-ferraz-rent-a-car\/","title":{"rendered":"Vorteile der Anmietung eines Autos bei Autos Ferraz Rent a Car"},"content":{"rendered":"\n<h2 class=\"wp-block-heading\"><strong>Entdecken Sie La Palma in Ihrem eigenen Tempo: die Freiheit des Fahrens mit Autos Ferraz Rent a Car<\/strong><\/h2>\n\n\n\n<p>Die Insel La Palma, bekannt als \u201eLa Isla Bonita\u201c, ist ein wahres Naturparadies, das dem Besucher eine au\u00dfergew\u00f6hnliche Vielfalt an Landschaften bietet, von \u00fcppigen W\u00e4ldern und tiefen Schluchten bis hin zu vulkanischen Str\u00e4nden und einem Sternenhimmel, der als Sternenreservat anerkannt wurde. Um diesen geografischen und kulturellen Reichtum frei und ungebunden zu erkunden, ist ein eigenes Fahrzeug die beste Option. In diesem Zusammenhang ist Ferraz Rent a Car, ein konsolidiertes lokales Unternehmen im Bereich der Autovermietung, der ideale Verb\u00fcndete, um jede Reise in ein komfortables, sicheres und individuelles Erlebnis zu verwandeln.<\/p>\n\n\n\n<figure class=\"wp-block-image size-large\"><img fetchpriority=\"high\" decoding=\"async\" width=\"1024\" height=\"683\" src=\"https:\/\/sepropyme.com\/ferraz\/wp-content\/uploads\/2025\/05\/roquedelosmuchachos-autosferraz-1024x683.jpg\" alt=\"%Autos Ferraz, rent a car en La Palma%\" class=\"wp-image-2120\" title=\"\" srcset=\"https:\/\/www.ferraz.de\/wp-content\/uploads\/2025\/05\/roquedelosmuchachos-autosferraz-1024x683.jpg 1024w, https:\/\/www.ferraz.de\/wp-content\/uploads\/2025\/05\/roquedelosmuchachos-autosferraz-300x200.jpg 300w, https:\/\/www.ferraz.de\/wp-content\/uploads\/2025\/05\/roquedelosmuchachos-autosferraz-768x512.jpg 768w, https:\/\/www.ferraz.de\/wp-content\/uploads\/2025\/05\/roquedelosmuchachos-autosferraz-600x400.jpg 600w, https:\/\/www.ferraz.de\/wp-content\/uploads\/2025\/05\/roquedelosmuchachos-autosferraz.jpg 1500w\" sizes=\"(max-width: 1024px) 100vw, 1024px\" \/><\/figure>\n\n\n\n<p>Mit einem Mietwagen k\u00f6nnen Sie abgelegene und authentische Orte wie den Bosque de los Tilos, die Naturschwimmbecken von La Fajana oder den majest\u00e4tischen Roque de los Muchachos entdecken, ohne von den Fahrpl\u00e4nen der \u00f6ffentlichen Verkehrsmittel oder begrenzten Routen abh\u00e4ngig zu sein. Ferraz Rent a Car garantiert mit seiner gro\u00dfen Flotte, die an die Bed\u00fcrfnisse jedes Reisenden angepasst ist &#8211; egal ob es sich um Paare, Familien oder Gruppen von Abenteurern handelt &#8211; jederzeit effiziente Mobilit\u00e4t. Da das Unternehmen auf La Palma ans\u00e4ssig ist, bieten seine Ortskenntnisse und sein pers\u00f6nlicher Service einen Mehrwert, der bei externen Unternehmen nur schwer zu finden ist.<\/p>\n\n\n\n<p>Kurz gesagt, ein Auto bei Ferraz Rent a Car zu mieten ist viel mehr als nur ein Transportmittel zu mieten: Es bedeutet, die Freiheit zu erlangen, sich in Ihrem eigenen Tempo zu bewegen, neue Routen zu improvisieren und sich von der wechselnden Magie dieser Vulkaninsel \u00fcberraschen zu lassen.<\/p>\n\n\n\n<figure class=\"wp-block-image size-large\"><img decoding=\"async\" width=\"1024\" height=\"683\" src=\"https:\/\/sepropyme.com\/ferraz\/wp-content\/uploads\/2025\/05\/lostilos-autos-ferraz-1024x683.jpg\" alt=\"%Autos Ferraz, rent a car en La Palma%\" class=\"wp-image-2119\" title=\"\" srcset=\"https:\/\/www.ferraz.de\/wp-content\/uploads\/2025\/05\/lostilos-autos-ferraz-1024x683.jpg 1024w, https:\/\/www.ferraz.de\/wp-content\/uploads\/2025\/05\/lostilos-autos-ferraz-300x200.jpg 300w, https:\/\/www.ferraz.de\/wp-content\/uploads\/2025\/05\/lostilos-autos-ferraz-768x512.jpg 768w, https:\/\/www.ferraz.de\/wp-content\/uploads\/2025\/05\/lostilos-autos-ferraz-600x400.jpg 600w, https:\/\/www.ferraz.de\/wp-content\/uploads\/2025\/05\/lostilos-autos-ferraz.jpg 1500w\" sizes=\"(max-width: 1024px) 100vw, 1024px\" \/><\/figure>\n","protected":false},"excerpt":{"rendered":"<p>Entdecken Sie La Palma in Ihrem eigenen Tempo: die Freiheit des Fahrens mit Autos Ferraz Rent a Car Die Insel La Palma, bekannt als \u201eLa Isla Bonita\u201c, ist ein wahres Naturparadies, das dem Besucher eine au\u00dfergew\u00f6hnliche Vielfalt an Landschaften bietet, von \u00fcppigen W\u00e4ldern und tiefen Schluchten bis hin zu vulkanischen Str\u00e4nden und einem Sternenhimmel, der [&hellip;]<\/p>\n","protected":false},"author":1,"featured_media":2231,"comment_status":"closed","ping_status":"closed","sticky":false,"template":"","format":"standard","meta":{"footnotes":""},"categories":[51],"tags":[],"class_list":["post-2309","post","type-post","status-publish","format-standard","has-post-thumbnail","hentry","category-autos-ferraz"],"_links":{"self":[{"href":"https:\/\/www.ferraz.de\/de\/wp-json\/wp\/v2\/posts\/2309","targetHints":{"allow":["GET"]}}],"collection":[{"href":"https:\/\/www.ferraz.de\/de\/wp-json\/wp\/v2\/posts"}],"about":[{"href":"https:\/\/www.ferraz.de\/de\/wp-json\/wp\/v2\/types\/post"}],"author":[{"embeddable":true,"href":"https:\/\/www.ferraz.de\/de\/wp-json\/wp\/v2\/users\/1"}],"replies":[{"embeddable":true,"href":"https:\/\/www.ferraz.de\/de\/wp-json\/wp\/v2\/comments?post=2309"}],"version-history":[{"count":2,"href":"https:\/\/www.ferraz.de\/de\/wp-json\/wp\/v2\/posts\/2309\/revisions"}],"predecessor-version":[{"id":2489,"href":"https:\/\/www.ferraz.de\/de\/wp-json\/wp\/v2\/posts\/2309\/revisions\/2489"}],"wp:featuredmedia":[{"embeddable":true,"href":"https:\/\/www.ferraz.de\/de\/wp-json\/wp\/v2\/media\/2231"}],"wp:attachment":[{"href":"https:\/\/www.ferraz.de\/de\/wp-json\/wp\/v2\/media?parent=2309"}],"wp:term":[{"taxonomy":"category","embeddable":true,"href":"https:\/\/www.ferraz.de\/de\/wp-json\/wp\/v2\/categories?post=2309"},{"taxonomy":"post_tag","embeddable":true,"href":"https:\/\/www.ferraz.de\/de\/wp-json\/wp\/v2\/tags?post=2309"}],"curies":[{"name":"wp","href":"https:\/\/api.w.org\/{rel}","templated":true}]}}